{"id":3859,"date":"2019-03-12T20:21:43","date_gmt":"2019-03-12T20:21:43","guid":{"rendered":"https:\/\/www.triider.com.br\/blog\/?p=3859"},"modified":"2019-03-12T20:21:43","modified_gmt":"2019-03-12T20:21:43","slug":"decoracao-de-casa-todos-os-comodos","status":"publish","type":"post","link":"https:\/\/www.triider.com.br\/blog\/decoracao-de-casa-todos-os-comodos\/","title":{"rendered":"Decora\u00e7\u00e3o de casa: decora\u00e7\u00e3o de ambientes por c\u00f4modos e com ajuda da internet"},"content":{"rendered":"<p><em>Quer saber como decorar a casa e deix\u00e1-la linda, aconchegante e refinada para voc\u00ea viver melhor e receber amigos e familiares em um ambiente totalmente agrad\u00e1vel? Conhe\u00e7a as melhores ideias de decora\u00e7\u00e3o para o seu lar!<\/em><\/p>\n<p>Quando se fala em decora\u00e7\u00e3o de casa, muita gente fica bastante empolgada. Por\u00e9m, nem todas as pessoas disp\u00f5em de tempo para visitar lojas e conhecer op\u00e7\u00f5es. No entanto, nos dias de hoje, isso n\u00e3o \u00e9 mais um problema, visto que \u00e9 poss\u00edvel encontrar quase tudo na internet.<\/p>\n<p>Buscar informa\u00e7\u00f5es e inspira\u00e7\u00f5es na web \u00e9 fundamental para quem est\u00e1 mobiliando o lar ou deseja fazer uma reforma. Assim, comprar m\u00f3veis e objetos de decora\u00e7\u00e3o por meio de e-commerce deixa essa tarefa bem mais f\u00e1cil e at\u00e9 mais barato, na medida em que se torna poss\u00edvel decorar sem sair de casa.<\/p>\n<p>Neste post, trazemos \u00f3timas dicas de decora\u00e7\u00e3o para deixar seu lar mais aconchegante. Aqui, voc\u00ea encontrar\u00e1 detalhes sobre ornamenta\u00e7\u00e3o de v\u00e1rios ambientes e ver\u00e1 como isso ficou mais f\u00e1cil com a ajuda da internet.<\/p>\n<p>Interessado em saber mais sobre assunto? Ent\u00e3o, continue com a leitura e confira!<\/p>\n<h3>Decora\u00e7\u00e3o de casa<\/h3>\n<h2>Como decorar a sala?<\/h2>\n<p><img fetchpriority=\"high\" decoding=\"async\" src=\"https:\/\/triider-prd-blog-files.s3.sa-east-1.amazonaws.com\/wp-content\/uploads\/2019\/03\/12180554\/decoracao-de-casa-como-decorar-sala-min.jpg\" alt=\"decora\u00e7\u00e3o de quarto, decora\u00e7\u00e3o para casa, decora\u00e7\u00e3o para sala, dicas de decora\u00e7\u00e3o, decora\u00e7\u00e3o de apartamento, ideias de decora\u00e7\u00e3o, decora\u00e7\u00e3o de interiores, decora\u00e7\u00e3o de ambientes, decora\u00e7\u00e3o de casa pequena, decorando a casa, como decorar uma casa, objetos de decora\u00e7\u00e3o online, como decorar a casa\" width=\"600\" height=\"400\" class=\"alignnone size-full wp-image-4022\" srcset=\"https:\/\/triider-prd-blog-files.s3.sa-east-1.amazonaws.com\/wp-content\/uploads\/2019\/03\/12180554\/decoracao-de-casa-como-decorar-sala-min.jpg 600w, https:\/\/triider-prd-blog-files.s3.sa-east-1.amazonaws.com\/wp-content\/uploads\/2019\/03\/12180554\/decoracao-de-casa-como-decorar-sala-min-300x200.jpg 300w, https:\/\/triider-prd-blog-files.s3.sa-east-1.amazonaws.com\/wp-content\/uploads\/2019\/03\/12180554\/decoracao-de-casa-como-decorar-sala-min-270x180.jpg 270w\" sizes=\"(max-width: 600px) 100vw, 600px\" \/><\/p>\n<p>A sala de estar \u00e9 um dos principais ambientes de uma casa, pois \u00e9 nela que recebemos as visitas e passamos horas e horas em um bom papo. Por isso, a produ\u00e7\u00e3o desse local faz toda a diferen\u00e7a para deix\u00e1-lo com um ar leve e um visual exclusivo e fant\u00e1stico. Assim, separamos algumas dicas simples de decora\u00e7\u00e3o para sala que ajudar\u00e3o voc\u00ea a deix\u00e1-la muito mais bonita.<\/p>\n<h5>Escolha a combina\u00e7\u00e3o de cores ideal<\/h5>\n<p><img decoding=\"async\" src=\"https:\/\/triider-prd-blog-files.s3.sa-east-1.amazonaws.com\/wp-content\/uploads\/2019\/03\/12172014\/decoracao-de-casa-combinacao-de-cores-min.jpg\" alt=\"decora\u00e7\u00e3o de casa, decorando a casa, como decorar a casa, \" width=\"600\" height=\"337\" class=\"alignnone size-full wp-image-4016\" srcset=\"https:\/\/triider-prd-blog-files.s3.sa-east-1.amazonaws.com\/wp-content\/uploads\/2019\/03\/12172014\/decoracao-de-casa-combinacao-de-cores-min.jpg 600w, https:\/\/triider-prd-blog-files.s3.sa-east-1.amazonaws.com\/wp-content\/uploads\/2019\/03\/12172014\/decoracao-de-casa-combinacao-de-cores-min-300x169.jpg 300w\" sizes=\"(max-width: 600px) 100vw, 600px\" \/><\/p>\n<p>Para transformar a sua sala em um ambiente mais personalizado e colorido, vamos ajud\u00e1-lo a <a href=\"https:\/\/www.triider.com.br\/blog\/dicas-cores-de-tintas-para-paredes\/\" target=\"_blank\">escolher as op\u00e7\u00f5es de cores<\/a> que mais se adaptam a esse local da casa, j\u00e1 que \u00e9 o lugar mais utilizado pelas fam\u00edlias.<\/p>\n<p>A pintura da sala pode <a href=\"https:\/\/www.triider.com.br\/blog\/dicas-de-feng-shui\/\" target=\"_blank\">transmitir sensa\u00e7\u00f5es de paz<\/a> e aconchego, como acontece quando se utiliza tons de azul. Desse modo, o ambiente se torna mais atrativo para os seus convidados.<\/p>\n<p>Para uma decora\u00e7\u00e3o mais harmoniosa, deve-se fazer um contraste entre as cores dos m\u00f3veis e os tons da parede. Abaixo, veja algumas ideias:<\/p>\n<ul>\n<li>\n<p>a utiliza\u00e7\u00e3o de duas tintas de uma mesma cor, por exemplo, o vermelho, amplia o ambiente;<\/p>\n<\/li>\n<li>\n<p>salas claras com uma parede mais escura d\u00e3o sensa\u00e7\u00e3o de profundidade;<\/p>\n<\/li>\n<li>\n<p>m\u00f3veis e adornos coloridos com a sala em v\u00e1rios tons de pintura personalizam o ambiente;<\/p>\n<\/li>\n<li>\n<p>salas pequenas pedem tons claros, pois al\u00e9m de refletirem melhor a luz, promovem no\u00e7\u00e3o de amplitude;<\/p>\n<\/li>\n<li>\n<p>tons pasteis s\u00e3o ideais para destacar uma parede com a inten\u00e7\u00e3o de dar mais profundidade ao ambiente;<\/p>\n<\/li>\n<li>\n<p>na d\u00favida, aposte no bege e no cinza, essas s\u00e3o \u00f3timas op\u00e7\u00f5es de pintura para a sala.<\/p>\n<\/li>\n<\/ul>\n<h5>Utilize espelhos<\/h5>\n<p><img decoding=\"async\" src=\"https:\/\/triider-prd-blog-files.s3.sa-east-1.amazonaws.com\/wp-content\/uploads\/2019\/03\/12180643\/decoracao-de-casa-aposte-nos-espelhos-min.jpg\" alt=\"decora\u00e7\u00e3o de quarto, decora\u00e7\u00e3o para casa, decora\u00e7\u00e3o para sala, dicas de decora\u00e7\u00e3o, decora\u00e7\u00e3o de apartamento, ideias de decora\u00e7\u00e3o, decora\u00e7\u00e3o de interiores, decora\u00e7\u00e3o de ambientes, decora\u00e7\u00e3o de casa pequena, decorando a casa, como decorar uma casa, objetos de decora\u00e7\u00e3o online, como decorar a casa\" width=\"600\" height=\"400\" class=\"alignnone size-full wp-image-4023\" srcset=\"https:\/\/triider-prd-blog-files.s3.sa-east-1.amazonaws.com\/wp-content\/uploads\/2019\/03\/12180643\/decoracao-de-casa-aposte-nos-espelhos-min.jpg 600w, https:\/\/triider-prd-blog-files.s3.sa-east-1.amazonaws.com\/wp-content\/uploads\/2019\/03\/12180643\/decoracao-de-casa-aposte-nos-espelhos-min-300x200.jpg 300w, https:\/\/triider-prd-blog-files.s3.sa-east-1.amazonaws.com\/wp-content\/uploads\/2019\/03\/12180643\/decoracao-de-casa-aposte-nos-espelhos-min-270x180.jpg 270w\" sizes=\"(max-width: 600px) 100vw, 600px\" \/><\/p>\n<p>Utilizar espelhos como objetos de decora\u00e7\u00e3o tamb\u00e9m \u00e9 uma excelente alternativa. Eles promovem uma percep\u00e7\u00e3o de maior amplitude no ambiente, al\u00e9m de darem um toque de requinte e sofistica\u00e7\u00e3o para a casa. Devido aos seus reflexos, garantem que o local se torne mais agrad\u00e1vel e moderno.<\/p>\n<p>No mercado, \u00e9 poss\u00edvel encontrar espelhos de diversos tamanhos e formatos, com acabamentos diversificados, com ou sem molduras etc. Ao deixar o espa\u00e7o com uma ideia de ser mais amplo (coisa que outros objetos talvez n\u00e3o consigam fazer), eles transformam, por exemplo, a decora\u00e7\u00e3o de um <a href=\"https:\/\/www.triider.com.br\/blog\/manual-para-aluguel-de-apartamento\/\"><u>apartamento<\/u><\/a> pequeno.<\/p>\n<p>Os espelhos decorativos para sala de estar podem ser utilizados de v\u00e1rias formas. Caso esse seu c\u00f4modo possua uma decora\u00e7\u00e3o mais escura, os espelhos podem auxiliar na harmoniza\u00e7\u00e3o e no equil\u00edbrio desse ambiente, deixando-o mais leve.<\/p>\n<p>Vale ressaltar que o uso de espelhos na sala n\u00e3o se resume somente ao aparato propriamente dito. Voc\u00ea tamb\u00e9m pode apostar em adere\u00e7os como vasos, bandejas, porta-retratos, entre outros, que sejam espelhados, uma vez que eles criar\u00e3o um visual bem impactante.<\/p>\n<h5>Use almofadas variadas no sof\u00e1<\/h5>\n<p><img loading=\"lazy\" decoding=\"async\" src=\"https:\/\/triider-prd-blog-files.s3.sa-east-1.amazonaws.com\/wp-content\/uploads\/2019\/03\/12183638\/decoracao-de-casa-sala-almofadas-min.jpg\" alt=\"decora\u00e7\u00e3o de quarto, decora\u00e7\u00e3o para casa, decora\u00e7\u00e3o para sala, dicas de decora\u00e7\u00e3o, decora\u00e7\u00e3o de apartamento, ideias de decora\u00e7\u00e3o, decora\u00e7\u00e3o de interiores, decora\u00e7\u00e3o de ambientes, decora\u00e7\u00e3o de casa pequena, decorando a casa, como decorar uma casa, objetos de decora\u00e7\u00e3o online, como decorar a casa\" width=\"600\" height=\"400\" class=\"alignnone size-full wp-image-4032\" srcset=\"https:\/\/triider-prd-blog-files.s3.sa-east-1.amazonaws.com\/wp-content\/uploads\/2019\/03\/12183638\/decoracao-de-casa-sala-almofadas-min.jpg 600w, https:\/\/triider-prd-blog-files.s3.sa-east-1.amazonaws.com\/wp-content\/uploads\/2019\/03\/12183638\/decoracao-de-casa-sala-almofadas-min-300x200.jpg 300w, https:\/\/triider-prd-blog-files.s3.sa-east-1.amazonaws.com\/wp-content\/uploads\/2019\/03\/12183638\/decoracao-de-casa-sala-almofadas-min-270x180.jpg 270w\" sizes=\"(max-width: 600px) 100vw, 600px\" \/><\/p>\n<p>No geral, almofadas t\u00eam o poder de adicionar energia, estilo e descontra\u00e7\u00e3o para a sala de estar. Por isso, apostar nelas para decorar esse ambiente pode ser uma \u00f3tima ideia. Al\u00e9m do mais, essas pe\u00e7as d\u00e3o total conforto para a casa e s\u00e3o capazes de deixar o c\u00f4modo um pouco mais descolado quando usadas em um mix de cores variadas.<\/p>\n<p>Utiliz\u00e1-las no sof\u00e1 \u00e9 uma maneira f\u00e1cil e r\u00e1pida de mudar a decora\u00e7\u00e3o da sala, pois elas\u00a0podem ser trocadas com muita facilidade e s\u00e3o adere\u00e7os baratos. Ou seja, voc\u00ea pode mudar sempre que enjoar.<\/p>\n<p>As almofadas podem ser encontradas em diferentes cores, tamanhos, formas e estampas e, no fim, d\u00e3o aquele \u00faltimo toque que faltava para deixar o ambiente ainda mais elegante.<\/p>\n<p>Para escolher o tipo de almofada ideal, primeiro \u00e9 necess\u00e1rio saber o estilo da decora\u00e7\u00e3o que voc\u00ea deseja para o c\u00f4modo. Se quer um ambiente mais animado, almofadas coloridas s\u00e3o as melhores op\u00e7\u00f5es.<\/p>\n<p>Por\u00e9m, se deseja um espa\u00e7o mais sofisticado, talvez cores mais claras ou mais escuras ou, at\u00e9 mesmo, um mix das duas pode ser o mais recomend\u00e1vel. De resto, as cores neutras s\u00e3o mais f\u00e1ceis de se harmonizarem com objetos decorativos e m\u00f3veis.<\/p>\n<h5>Tenha um tapete<\/h5>\n<figure id=\"attachment_4033\" aria-describedby=\"caption-attachment-4033\" style=\"width: 400px\" class=\"wp-caption alignnone\"><img loading=\"lazy\" decoding=\"async\" src=\"https:\/\/triider-prd-blog-files.s3.sa-east-1.amazonaws.com\/wp-content\/uploads\/2019\/03\/12183748\/decoracao-de-casa-sala-use-tapete-dane-deaner-min.jpg\" alt=\"decora\u00e7\u00e3o de quarto, decora\u00e7\u00e3o para casa, decora\u00e7\u00e3o para sala, dicas de decora\u00e7\u00e3o, decora\u00e7\u00e3o de apartamento, ideias de decora\u00e7\u00e3o, decora\u00e7\u00e3o de interiores, decora\u00e7\u00e3o de ambientes, decora\u00e7\u00e3o de casa pequena, decorando a casa, como decorar uma casa, objetos de decora\u00e7\u00e3o online, como decorar a casa\" width=\"400\" height=\"500\" class=\"size-full wp-image-4033\" srcset=\"https:\/\/triider-prd-blog-files.s3.sa-east-1.amazonaws.com\/wp-content\/uploads\/2019\/03\/12183748\/decoracao-de-casa-sala-use-tapete-dane-deaner-min.jpg 400w, https:\/\/triider-prd-blog-files.s3.sa-east-1.amazonaws.com\/wp-content\/uploads\/2019\/03\/12183748\/decoracao-de-casa-sala-use-tapete-dane-deaner-min-240x300.jpg 240w\" sizes=\"(max-width: 400px) 100vw, 400px\" \/><figcaption id=\"caption-attachment-4033\" class=\"wp-caption-text\">Foto: Dane Dreaner<\/figcaption><\/figure>\n<p>Os tapetes tamb\u00e9m t\u00eam a inten\u00e7\u00e3o de renovar a sala de estar. Esse artigo demarca, colore e personaliza o ambiente, por isso \u00e9 perfeito para a decora\u00e7\u00e3o de interiores.<\/p>\n<p>A fim de escolher o tapete ideal \u00e9 necess\u00e1rio estar por dentro de aspectos como:<\/p>\n<ul>\n<li>\n<p>o tamanho do c\u00f4modo;<\/p>\n<\/li>\n<li>\n<p>as cores dos m\u00f3veis;<\/p>\n<\/li>\n<li>\n<p>a posi\u00e7\u00e3o destinada para a pe\u00e7a no ambiente;<\/p>\n<\/li>\n<li>\n<p>o material do tapete;<\/p>\n<\/li>\n<li>\n<p>o estilo da decora\u00e7\u00e3o.<\/p>\n<\/li>\n<\/ul>\n<p>Se buscarmos na internet as op\u00e7\u00f5es dispon\u00edveis, encontraremos uma gama diversificada de modelos e tamanhos de tapete. Assim sendo, procurar objetos de decora\u00e7\u00e3o online facilitou muito a decora\u00e7\u00e3o para casa. Al\u00e9m disso, \u00e9 poss\u00edvel encontrar muitos modelos de <a href=\"https:\/\/www.triider.com.br\/blog\/fotos-de-salas-para-se-inspirar\/\"><u>salas para se inspirar<\/u><\/a>.<\/p>\n<p>Em rela\u00e7\u00e3o ao tamanho, a dica \u00e9 a seguinte: tapetes grandes ampliam o ambiente, por\u00e9m \u00e9 necess\u00e1rio ter as medidas do c\u00f4modo para se certificar de que determinado tamanho caber\u00e1 no seu espa\u00e7o. J\u00e1 os tapetes pequenos s\u00e3o ideais para valorizarem algum adorno ou um pedacinho especial da sala. Assim, a recomenda\u00e7\u00e3o \u00e9 apostar nos tapetes redondos ou ovais.<\/p>\n<p>Os coloridos ficam melhor em ambientes mais neutros. As estampas geom\u00e9tricas s\u00e3o lindas e ideais para salas de estar maiores. Se o lugar for pequeno, n\u00e3o tem problema usar o geometrismo desde que o desenho tamb\u00e9m seja pequeno.<\/p>\n<p>Nunca se esque\u00e7a de harmonizar o ambiente com as estampas e as cores dos tapetes. Aposte nessa pe\u00e7a e arrase na decora\u00e7\u00e3o da sua sala de estar.<\/p>\n<h2>Como fazer a decora\u00e7\u00e3o dos quartos?<\/h2>\n<figure id=\"attachment_4017\" aria-describedby=\"caption-attachment-4017\" style=\"width: 600px\" class=\"wp-caption alignnone\"><img loading=\"lazy\" decoding=\"async\" src=\"https:\/\/triider-prd-blog-files.s3.sa-east-1.amazonaws.com\/wp-content\/uploads\/2019\/03\/12172131\/decoracao-de-casa-como-decorar-o-quarto-rhema-kallianpur-min.jpg\" alt=\"decora\u00e7\u00e3o de quarto, decora\u00e7\u00e3o para casa, decora\u00e7\u00e3o para sala, dicas de decora\u00e7\u00e3o, decora\u00e7\u00e3o de apartamento, ideias de decora\u00e7\u00e3o, decora\u00e7\u00e3o de interiores, decora\u00e7\u00e3o de ambientes, decora\u00e7\u00e3o de casa pequena, decorando a casa, como decorar uma casa, objetos de decora\u00e7\u00e3o online, como decorar a casa\" width=\"600\" height=\"399\" class=\"size-full wp-image-4017\" srcset=\"https:\/\/triider-prd-blog-files.s3.sa-east-1.amazonaws.com\/wp-content\/uploads\/2019\/03\/12172131\/decoracao-de-casa-como-decorar-o-quarto-rhema-kallianpur-min.jpg 600w, https:\/\/triider-prd-blog-files.s3.sa-east-1.amazonaws.com\/wp-content\/uploads\/2019\/03\/12172131\/decoracao-de-casa-como-decorar-o-quarto-rhema-kallianpur-min-300x200.jpg 300w, https:\/\/triider-prd-blog-files.s3.sa-east-1.amazonaws.com\/wp-content\/uploads\/2019\/03\/12172131\/decoracao-de-casa-como-decorar-o-quarto-rhema-kallianpur-min-270x180.jpg 270w\" sizes=\"(max-width: 600px) 100vw, 600px\" \/><figcaption id=\"caption-attachment-4017\" class=\"wp-caption-text\">Foto: Rhema Kallianpur<\/figcaption><\/figure>\n<p>O quarto \u00e9 o c\u00f4modo mais reservado da resid\u00eancia. \u00c9 nele que se passam as intimidades de quem o usa, por isso o ambiente pede m\u00f3veis e cores que ajudem seu dono a relaxar e descansar. Muitas vezes, nesse c\u00f4modo, tamb\u00e9m se faz necess\u00e1rio <a href=\"https:\/\/www.triider.com.br\/blog\/como-decorar-banheiro-pequeno\/\"><u>decorar banheiro pequeno<\/u><\/a> (ou m\u00e9dio) caso a resid\u00eancia tenha um tamanho reduzido e a op\u00e7\u00e3o de su\u00edte.<\/p>\n<p>Agora, veja algumas dicas para transformar o quarto em um lugar muito mais especial.<\/p>\n<h5>Escolha o seu estilo<\/h5>\n<figure id=\"attachment_4037\" aria-describedby=\"caption-attachment-4037\" style=\"width: 400px\" class=\"wp-caption alignnone\"><img loading=\"lazy\" decoding=\"async\" src=\"https:\/\/triider-prd-blog-files.s3.sa-east-1.amazonaws.com\/wp-content\/uploads\/2019\/03\/12190057\/decoracao-de-casa-quarto-estilo-stephanie-harvey-min.jpg\" alt=\"decora\u00e7\u00e3o de quarto, decora\u00e7\u00e3o para casa, decora\u00e7\u00e3o para sala, dicas de decora\u00e7\u00e3o, decora\u00e7\u00e3o de apartamento, ideias de decora\u00e7\u00e3o, decora\u00e7\u00e3o de interiores, decora\u00e7\u00e3o de ambientes, decora\u00e7\u00e3o de casa pequena, decorando a casa, como decorar uma casa, objetos de decora\u00e7\u00e3o online, como decorar a casa\" width=\"400\" height=\"533\" class=\"size-full wp-image-4037\" srcset=\"https:\/\/triider-prd-blog-files.s3.sa-east-1.amazonaws.com\/wp-content\/uploads\/2019\/03\/12190057\/decoracao-de-casa-quarto-estilo-stephanie-harvey-min.jpg 400w, https:\/\/triider-prd-blog-files.s3.sa-east-1.amazonaws.com\/wp-content\/uploads\/2019\/03\/12190057\/decoracao-de-casa-quarto-estilo-stephanie-harvey-min-225x300.jpg 225w\" sizes=\"(max-width: 400px) 100vw, 400px\" \/><figcaption id=\"caption-attachment-4037\" class=\"wp-caption-text\">Foto: Stephanie Harvey<\/figcaption><\/figure>\n<p>Para que o quarto se torne seu ref\u00fagio supremo, \u00e9 necess\u00e1rio que ele seja personalizado com seu gosto. Assim, quando voc\u00ea entrar nele, logo ter\u00e1 a sensa\u00e7\u00e3o de aconchego e paz. Antes de iniciar a decora\u00e7\u00e3o \u00e9 preciso definir o seu estilo.<\/p>\n<p>Perceba a sua prefer\u00eancia em rela\u00e7\u00e3o a cores, luminosidade, objetos decorativos, tamanho do quarto, funcionalidade e mob\u00edlia. Tente entender se deseja um quarto mais simples ou um mais requintado. Busque na web algumas inspira\u00e7\u00f5es. No <a href=\"https:\/\/br.pinterest.com\/search\/pins\/?q=quarto&#038;rs=typed&#038;term_meta[]=quarto%7Ctyped\" target=\"_blank\">Pinterest<\/a>, por exemplo, voc\u00ea encontra muitas op\u00e7\u00f5es de quartos j\u00e1 montados que podem auxiliar na sua escolha e, at\u00e9 mesmo, compor o seu estilo.<\/p>\n<p>Os quartos tem\u00e1ticos s\u00e3o uma tend\u00eancia para quem busca originalidade e quer que seus sonhos v\u00e3o al\u00e9m dos pensamentos. Se voc\u00ea gosta bastante de praia, por exemplo, por que n\u00e3o trazer esse estilo para o seu quarto? Outros estilos que podem inspirar a decora\u00e7\u00e3o do seu quarto s\u00e3o:<\/p>\n<ul>\n<li>\n<p>boho \u2014 combina com quem ama a natureza e pratica ioga;<\/p>\n<\/li>\n<li>\n<p>industrial \u2014 op\u00e7\u00e3o para pessoas mais urbanas;<\/p>\n<\/li>\n<li>\n<p>r\u00fastico \u2014 adorado por quem\u00a0aprecia aventuras, gosta de natureza e\u00a0prefere espa\u00e7os com interfer\u00eancias do ambiente externo.<\/p>\n<\/li>\n<\/ul>\n<h5>N\u00e3o esque\u00e7a da influ\u00eancia das cores<\/h5>\n<figure id=\"attachment_4018\" aria-describedby=\"caption-attachment-4018\" style=\"width: 400px\" class=\"wp-caption alignnone\"><img loading=\"lazy\" decoding=\"async\" src=\"https:\/\/triider-prd-blog-files.s3.sa-east-1.amazonaws.com\/wp-content\/uploads\/2019\/03\/12172234\/decoracao-de-casa-influencia-das-cores-david-pisnoy-min.jpg\" alt=\"decora\u00e7\u00e3o de quarto, decora\u00e7\u00e3o para casa, decora\u00e7\u00e3o para sala, dicas de decora\u00e7\u00e3o, decora\u00e7\u00e3o de apartamento, ideias de decora\u00e7\u00e3o, decora\u00e7\u00e3o de interiores, decora\u00e7\u00e3o de ambientes, decora\u00e7\u00e3o de casa pequena, decorando a casa, como decorar uma casa, objetos de decora\u00e7\u00e3o online, como decorar a casa\" width=\"400\" height=\"533\" class=\"size-full wp-image-4018\" srcset=\"https:\/\/triider-prd-blog-files.s3.sa-east-1.amazonaws.com\/wp-content\/uploads\/2019\/03\/12172234\/decoracao-de-casa-influencia-das-cores-david-pisnoy-min.jpg 400w, https:\/\/triider-prd-blog-files.s3.sa-east-1.amazonaws.com\/wp-content\/uploads\/2019\/03\/12172234\/decoracao-de-casa-influencia-das-cores-david-pisnoy-min-225x300.jpg 225w\" sizes=\"(max-width: 400px) 100vw, 400px\" \/><figcaption id=\"caption-attachment-4018\" class=\"wp-caption-text\">Foto: David Pisnoy<\/figcaption><\/figure>\n<p>Alguns detalhes devem ser levados em considera\u00e7\u00e3o na hora de definir a cor para compor o espa\u00e7o. O clima do lugar, se a ilumina\u00e7\u00e3o \u00e9 natural ou artificial, o tamanho do ambiente e se h\u00e1 texturas nas paredes (como a <a href=\"https:\/\/www.triider.com.br\/blog\/como-fazer-parede-de-cimento-queimado\/\"><u>parede de cimento queimado<\/u><\/a>) s\u00e3o alguns dos aspectos a serem ponderados. Para facilitar na escolha, ter em mente o estilo que deseja adotar \u00e9 essencial.<\/p>\n<p>Al\u00e9m disso, as cores influenciam muito o nosso estado de esp\u00edrito. Nesse sentido, \u00e9 essencial fazer a escolha correta. Certamente, voc\u00ea j\u00e1 deve ter percebido que, em dias ensolarados, ficamos mais animados para sair de casa. J\u00e1 em dias nublados e chuvosos, o que mais queremos \u00e9 ficar em casa, quietos e, se poss\u00edvel, debaixo dos edredons, n\u00e3o \u00e9 mesmo?<\/p>\n<p>Assim explica a cromoterapia: cada cor reflete um efeito diferente em nosso dia a dia e em nossas emo\u00e7\u00f5es. Diante disso, faz-se necess\u00e1rio adaptar os tons do cotidiano com a melhor <a href=\"https:\/\/www.triider.com.br\/blog\/dicas-cores-de-tintas-para-paredes\/\" target=\"_blank\">escolha da cor do seu quarto<\/a>.<\/p>\n<p>As cores para o quarto s\u00e3o capazes de criar emo\u00e7\u00f5es variadas em nosso ser, seja para estimular a criatividade ou<br \/>\n para preparar o ambiente a fim de se ter uma boa noite de sono.<\/p>\n<p>A seguir, conhe\u00e7a algumas fun\u00e7\u00f5es de cada cor:<\/p>\n<ul>\n<li>\n<p>amarelo \u2014 o amarelo \u00e9 a cor da concentra\u00e7\u00e3o e da comunica\u00e7\u00e3o. Ele tamb\u00e9m traz mais alegria para o ambiente e espontaneidade, sendo ideal para quartos que s\u00e3o utilizados para o trabalho;<\/p>\n<\/li>\n<li>\n<p>azul \u2014 \u00e9 a cor que passa sensa\u00e7\u00e3o de tranquilidade e harmonia. Ela remete ao oceano e ao c\u00e9u. E essa \u00e9 uma das melhores cores para o quarto, uma vez que deixa o ambiente prop\u00edcio ao relaxamento;<\/p>\n<\/li>\n<li>\n<p>branco \u2014 tamb\u00e9m transmite paz e tranquilidade. \u00c9 o tom predileto de pessoas inquietas e ativas. Por\u00e9m, muita aten\u00e7\u00e3o ao usar a cor branca em demasia, pois ela tamb\u00e9m estimula a ansiedade. Pode ser muito bem aproveitada em quartos pequenos, j\u00e1 que ajuda na sensa\u00e7\u00e3o de amplitude. Por isso, prefira us\u00e1-la em contraste com m\u00f3veis, portas, janelas e adornos de cores diferentes.<\/p>\n<\/li>\n<\/ul>\n<p>Para cada cor, uma fun\u00e7\u00e3o! Descubra com qual voc\u00ea mais se identifica. Assim, poder\u00e1 pintar seu quarto de acordo com o que deseja sentir quando estiver nele.<\/p>\n<h5>Utilize objetos que reflitam a sua personalidade<\/h5>\n<p><img loading=\"lazy\" decoding=\"async\" src=\"https:\/\/triider-prd-blog-files.s3.sa-east-1.amazonaws.com\/wp-content\/uploads\/2019\/03\/12182203\/decoracao-de-casa-quarto-sua-personalidade-min.jpg\" alt=\"decora\u00e7\u00e3o de quarto, decora\u00e7\u00e3o para casa, decora\u00e7\u00e3o para sala, dicas de decora\u00e7\u00e3o, decora\u00e7\u00e3o de apartamento, ideias de decora\u00e7\u00e3o, decora\u00e7\u00e3o de interiores, decora\u00e7\u00e3o de ambientes, decora\u00e7\u00e3o de casa pequena, decorando a casa, como decorar uma casa, objetos de decora\u00e7\u00e3o online, como decorar a casa\" width=\"400\" height=\"589\" class=\"alignnone size-full wp-image-4026\" srcset=\"https:\/\/triider-prd-blog-files.s3.sa-east-1.amazonaws.com\/wp-content\/uploads\/2019\/03\/12182203\/decoracao-de-casa-quarto-sua-personalidade-min.jpg 400w, https:\/\/triider-prd-blog-files.s3.sa-east-1.amazonaws.com\/wp-content\/uploads\/2019\/03\/12182203\/decoracao-de-casa-quarto-sua-personalidade-min-204x300.jpg 204w\" sizes=\"(max-width: 400px) 100vw, 400px\" \/><\/p>\n<p>A forma como voc\u00ea organiza e adiciona adere\u00e7os no seu quarto diz muito sobre voc\u00ea. Isso pode ser notado at\u00e9 na sua rotina. Por exemplo, se o seu quarto anda meio bagun\u00e7ado e voc\u00ea \u00e9 uma pessoa totalmente organizada, quer dizer que est\u00e1 passando por um per\u00edodo turbulento em sua vida.<\/p>\n<p>Da mesma forma acontece com os objetos que escolhe para decorar seu quarto. Se \u00e9 uma pessoa mais detalhista, optar\u00e1 por objetos peculiares para compor o ambiente. Por outro lado, se \u00e9 mais descolada, provavelmente ter\u00e1 pe\u00e7as mais coloridas e descontra\u00eddas no c\u00f4modo.<\/p>\n<p>Para pessoas mais conservadoras, objetos hist\u00f3ricos s\u00e3o prop\u00edcios para decorar o quarto e deix\u00e1-lo a cara delas. Modernos devem apostar em m\u00f3veis mais baixos e elementos mais art\u00edsticos. Para quem \u00e9 f\u00e3 do menos \u00e9 mais, objetos minimalistas s\u00e3o as melhores op\u00e7\u00f5es, ou seja, as pe\u00e7as s\u00e3o mais calorosas, com texturas diferenciadas e tons mais profundos.<\/p>\n<h2>Como decorar a cozinha?<\/h2>\n<figure id=\"attachment_4019\" aria-describedby=\"caption-attachment-4019\" style=\"width: 400px\" class=\"wp-caption alignnone\"><img loading=\"lazy\" decoding=\"async\" src=\"https:\/\/triider-prd-blog-files.s3.sa-east-1.amazonaws.com\/wp-content\/uploads\/2019\/03\/12172353\/decoracao-de-casa-como-decorar-cozinha-jason-briscoe-min.jpg\" alt=\"decora\u00e7\u00e3o de quarto, decora\u00e7\u00e3o para casa, decora\u00e7\u00e3o para sala, dicas de decora\u00e7\u00e3o, decora\u00e7\u00e3o de apartamento, ideias de decora\u00e7\u00e3o, decora\u00e7\u00e3o de interiores, decora\u00e7\u00e3o de ambientes, decora\u00e7\u00e3o de casa pequena, decorando a casa, como decorar uma casa, objetos de decora\u00e7\u00e3o online, como decorar a casa\" width=\"400\" height=\"600\" class=\"size-full wp-image-4019\" srcset=\"https:\/\/triider-prd-blog-files.s3.sa-east-1.amazonaws.com\/wp-content\/uploads\/2019\/03\/12172353\/decoracao-de-casa-como-decorar-cozinha-jason-briscoe-min.jpg 400w, https:\/\/triider-prd-blog-files.s3.sa-east-1.amazonaws.com\/wp-content\/uploads\/2019\/03\/12172353\/decoracao-de-casa-como-decorar-cozinha-jason-briscoe-min-200x300.jpg 200w\" sizes=\"(max-width: 400px) 100vw, 400px\" \/><figcaption id=\"caption-attachment-4019\" class=\"wp-caption-text\">Foto: Jason Briscoe<\/figcaption><\/figure>\n<p>Na decora\u00e7\u00e3o de ambientes n\u00e3o pode faltar a cozinha, um dos c\u00f4modos mais utilizados para quem adora receber convidados,\u00a0reunir a fam\u00edlia e preparar pratos maravilhosos para agrad\u00e1-los.<\/p>\n<p>Independentemente de ser para compor a decora\u00e7\u00e3o de casa pequena ou grande, a cozinha pode ser muito bem explorada com cores e m\u00f3veis simples e modernos, com a inten\u00e7\u00e3o de sempre deixar o ambiente o mais confort\u00e1vel poss\u00edvel e elegante o bastante para reunir a turma toda.<\/p>\n<p>Na sequ\u00eancia, acompanhe nossas dicas de decora\u00e7\u00e3o para a cozinha.<\/p>\n<h5>Escolha a cor predominante<\/h5>\n<figure id=\"attachment_4040\" aria-describedby=\"caption-attachment-4040\" style=\"width: 600px\" class=\"wp-caption alignnone\"><img loading=\"lazy\" decoding=\"async\" src=\"https:\/\/triider-prd-blog-files.s3.sa-east-1.amazonaws.com\/wp-content\/uploads\/2019\/03\/12193542\/decoracao-de-casa-cozinha-cores-naomi-hebert-min.jpg\" alt=\"decora\u00e7\u00e3o de quarto, decora\u00e7\u00e3o para casa, decora\u00e7\u00e3o para sala, dicas de decora\u00e7\u00e3o, decora\u00e7\u00e3o de apartamento, ideias de decora\u00e7\u00e3o, decora\u00e7\u00e3o de interiores, decora\u00e7\u00e3o de ambientes, decora\u00e7\u00e3o de casa pequena, decorando a casa, como decorar uma casa, objetos de decora\u00e7\u00e3o online, como decorar a casa\" width=\"600\" height=\"398\" class=\"size-full wp-image-4040\" srcset=\"https:\/\/triider-prd-blog-files.s3.sa-east-1.amazonaws.com\/wp-content\/uploads\/2019\/03\/12193542\/decoracao-de-casa-cozinha-cores-naomi-hebert-min.jpg 600w, https:\/\/triider-prd-blog-files.s3.sa-east-1.amazonaws.com\/wp-content\/uploads\/2019\/03\/12193542\/decoracao-de-casa-cozinha-cores-naomi-hebert-min-300x199.jpg 300w, https:\/\/triider-prd-blog-files.s3.sa-east-1.amazonaws.com\/wp-content\/uploads\/2019\/03\/12193542\/decoracao-de-casa-cozinha-cores-naomi-hebert-min-270x180.jpg 270w\" sizes=\"(max-width: 600px) 100vw, 600px\" \/><figcaption id=\"caption-attachment-4040\" class=\"wp-caption-text\">Foto: Naomi Hebert<\/figcaption><\/figure>\n<p>Antes de escolher as cores para sua cozinha, \u00e9 preciso prestar aten\u00e7\u00e3o nos outros elementos que a comp\u00f5em, como eletrodom\u00e9sticos, revestimentos, pisos e objetos de decora\u00e7\u00e3o.<\/p>\n<p>Um projeto de interiores pode auxili\u00e1-lo a escolher a cor ideal para aplicar nesse c\u00f4modo. Isso porque ele permite visualizar antecipadamente o tipo de decora\u00e7\u00e3o que voc\u00ea deseja, como as cores v\u00e3o combinar com os m\u00f3veis, a mob\u00edlia certa para o local, o posicionamento de cada objeto etc.<\/p>\n<p>Se preferir manter cores mais neutras no ambiente, pode combinar m\u00f3veis e objetos com tons mais vibrantes ou fortes. Assim sendo, o azul, por exemplo, pode ser uma \u00f3tima op\u00e7\u00e3o para destacar as banquetas se for o caso. Uma outra combina\u00e7\u00e3o de cor moderna para cozinhas \u00e9 marrom com branco. Al\u00e9m disso, uma nova tend\u00eancia para as cozinhas s\u00e3o os tons em cinza, que d\u00e3o um ar de sofistica\u00e7\u00e3o e modernidade para o ambiente.<\/p>\n<p>Os tons mais claros s\u00e3o recomend\u00e1veis para cozinhas com espa\u00e7o reduzido. Dessa forma, voc\u00ea pode aplicar revestimentos e cores em alguns pontos da parede. Para os adornos, escolha uma cor que retrate a sua personalidade. O amarelo traz inspira\u00e7\u00e3o para o local.<\/p>\n<p>Para os amantes de plantas, uma op\u00e7\u00e3o \u00e9 <a href=\"https:\/\/www.triider.com.br\/blog\/dicas-como-fazer-um-jardim-vertical\/\" target=\"_blank\">usar jardins verticais<\/a>\u00a0na cozinha em contraste com as cores verdes na parede. A combina\u00e7\u00e3o remete \u00e0 natureza e ao ar puro.<\/p>\n<h5>Use vidros<\/h5>\n<figure id=\"attachment_4036\" aria-describedby=\"caption-attachment-4036\" style=\"width: 600px\" class=\"wp-caption alignnone\"><img loading=\"lazy\" decoding=\"async\" src=\"https:\/\/triider-prd-blog-files.s3.sa-east-1.amazonaws.com\/wp-content\/uploads\/2019\/03\/12185954\/decoracao-de-casa-cozinha-vidros-e-espelhos-paul-hanaoka-min.jpg\" alt=\"decora\u00e7\u00e3o de quarto, decora\u00e7\u00e3o para casa, decora\u00e7\u00e3o para sala, dicas de decora\u00e7\u00e3o, decora\u00e7\u00e3o de apartamento, ideias de decora\u00e7\u00e3o, decora\u00e7\u00e3o de interiores, decora\u00e7\u00e3o de ambientes, decora\u00e7\u00e3o de casa pequena, decorando a casa, como decorar uma casa, objetos de decora\u00e7\u00e3o online, como decorar a casa\" width=\"600\" height=\"400\" class=\"size-full wp-image-4036\" srcset=\"https:\/\/triider-prd-blog-files.s3.sa-east-1.amazonaws.com\/wp-content\/uploads\/2019\/03\/12185954\/decoracao-de-casa-cozinha-vidros-e-espelhos-paul-hanaoka-min.jpg 600w, https:\/\/triider-prd-blog-files.s3.sa-east-1.amazonaws.com\/wp-content\/uploads\/2019\/03\/12185954\/decoracao-de-casa-cozinha-vidros-e-espelhos-paul-hanaoka-min-300x200.jpg 300w, https:\/\/triider-prd-blog-files.s3.sa-east-1.amazonaws.com\/wp-content\/uploads\/2019\/03\/12185954\/decoracao-de-casa-cozinha-vidros-e-espelhos-paul-hanaoka-min-270x180.jpg 270w\" sizes=\"(max-width: 600px) 100vw, 600px\" \/><figcaption id=\"caption-attachment-4036\" class=\"wp-caption-text\">Foto: Paul Hanaoka<\/figcaption><\/figure>\n<p>A cozinha \u00e9 um c\u00f4modo da casa que deve ter um espa\u00e7o adequado para uma boa circula\u00e7\u00e3o, com ventila\u00e7\u00e3o e <a href=\"https:\/\/www.triider.com.br\/blog\/iluminacao-residencial\/\"><u>ilumina\u00e7\u00e3o residencial<\/u><\/a> apropriadas para o ambiente. Tudo isso ainda deve ser alinhado ao conforto, para passar momentos prazerosos quando estiver cozinhando ou fazendo uma refei\u00e7\u00e3o r\u00e1pida.<\/p>\n<p>Uma ideia maravilhosa para levar em considera\u00e7\u00e3o na decora\u00e7\u00e3o da sua cozinha \u00e9 utilizar vidros (visando aproveitar ao m\u00e1ximo a luminosidade natural e tornar o espa\u00e7o mais agrad\u00e1vel) e at\u00e9 mesmo espelhos (de modo a ampliar e refletir a luz para todas as dire\u00e7\u00f5es do c\u00f4modo).<\/p>\n<p>Os espelhos ficam muito bem no espa\u00e7o entre os arm\u00e1rios e a bancada ou nas portas dos m\u00f3veis. Uma outra ideia \u00e9 utilizar revestimentos como pastilhas de vidro espelhado ou ainda azulejos nesse modelo.<\/p>\n<p>J\u00e1 o vidro pode ser utilizado tanto em arm\u00e1rios, nas janelas e portas, como em forma de piso. Esta \u00e9 a \u00faltima novidade do mercado e tem atra\u00eddo bastante interesse nesse tipo de revestimento. Os pisos de vidro em mosaico ajudam o espa\u00e7o a ganhar mais luz e amplitude. O c\u00f4modo fica moderno e elegante, o que traz prazer em ficar naquele ambiente.<\/p>\n<h5>Projete os m\u00f3veis<\/h5>\n<p><img loading=\"lazy\" decoding=\"async\" src=\"https:\/\/triider-prd-blog-files.s3.sa-east-1.amazonaws.com\/wp-content\/uploads\/2019\/03\/12182314\/decoracao-de-casa-cozinha-moveis-planejados-min.jpg\" alt=\"decora\u00e7\u00e3o de quarto, decora\u00e7\u00e3o para casa, decora\u00e7\u00e3o para sala, dicas de decora\u00e7\u00e3o, decora\u00e7\u00e3o de apartamento, ideias de decora\u00e7\u00e3o, decora\u00e7\u00e3o de interiores, decora\u00e7\u00e3o de ambientes, decora\u00e7\u00e3o de casa pequena, decorando a casa, como decorar uma casa, objetos de decora\u00e7\u00e3o online, como decorar a casa\" width=\"600\" height=\"399\" class=\"alignnone size-full wp-image-4027\" srcset=\"https:\/\/triider-prd-blog-files.s3.sa-east-1.amazonaws.com\/wp-content\/uploads\/2019\/03\/12182314\/decoracao-de-casa-cozinha-moveis-planejados-min.jpg 600w, https:\/\/triider-prd-blog-files.s3.sa-east-1.amazonaws.com\/wp-content\/uploads\/2019\/03\/12182314\/decoracao-de-casa-cozinha-moveis-planejados-min-300x200.jpg 300w, https:\/\/triider-prd-blog-files.s3.sa-east-1.amazonaws.com\/wp-content\/uploads\/2019\/03\/12182314\/decoracao-de-casa-cozinha-moveis-planejados-min-270x180.jpg 270w\" sizes=\"(max-width: 600px) 100vw, 600px\" \/><\/p>\n<p>Projetar os m\u00f3veis da cozinha \u00e9 uma excelente ideia. Isso porque se pode aproveitar melhor o espa\u00e7o. Voc\u00ea pode escolher a cor que tem mais a ver com o seu estilo, al\u00e9m de ser vi\u00e1vel selecionar melhor o material em que seu mobili\u00e1rio deve ser fabricado.<\/p>\n<p>Al\u00e9m disso, os m\u00f3veis planejados trazem outras vantagens como:<\/p>\n<ul>\n<li>\n<p>deixam o ambiente mais organizado, uma vez que s\u00e3o desenvolvidos exclusivamente para atender as necessidades dos moradores da resid\u00eancia \u2014 <a href=\"https:\/\/www.triider.com.br\/blog\/como-fazer-prateleiras\/\"><u>fazer prateleiras<\/u><\/a> ajuda muito nesse quesito;<\/p>\n<\/li>\n<li>\n<p>trazem sofistica\u00e7\u00e3o para o ambiente \u2014 o acabamento excepcional dos planejados e a harmonia compartilhada com o restante da decora\u00e7\u00e3o tornam o local n\u00e3o apenas organizado e charmoso, mas tamb\u00e9m sofisticado;<\/p>\n<\/li>\n<li>\n<p>custo-benef\u00edcio acess\u00edvel \u2014 nem sempre um projeto sob medida \u00e9 mais caro que um m\u00f3vel pronto. Tudo depende muito do tamanho e do espa\u00e7o dispon\u00edvel a ser aproveitado pela mob\u00edlia. Muitas vezes, quanto maior o m\u00f3vel a ser fabricado, maior o desconto. Ademais, ele poder\u00e1 ser bem mais aproveitado.<\/p>\n<\/li>\n<\/ul>\n<h2>Como decorar \u00e1reas externas como varandas e jardins?<\/h2>\n<figure id=\"attachment_4024\" aria-describedby=\"caption-attachment-4024\" style=\"width: 600px\" class=\"wp-caption alignnone\"><img loading=\"lazy\" decoding=\"async\" src=\"https:\/\/triider-prd-blog-files.s3.sa-east-1.amazonaws.com\/wp-content\/uploads\/2019\/03\/12180743\/decoracao-de-casa-como-decorar-area-externa-christopher-harris-min.jpg\" alt=\"decora\u00e7\u00e3o de quarto, decora\u00e7\u00e3o para casa, decora\u00e7\u00e3o para sala, dicas de decora\u00e7\u00e3o, decora\u00e7\u00e3o de apartamento, ideias de decora\u00e7\u00e3o, decora\u00e7\u00e3o de interiores, decora\u00e7\u00e3o de ambientes, decora\u00e7\u00e3o de casa pequena, decorando a casa, como decorar uma casa, objetos de decora\u00e7\u00e3o online, como decorar a casa\" width=\"600\" height=\"467\" class=\"size-full wp-image-4024\" srcset=\"https:\/\/triider-prd-blog-files.s3.sa-east-1.amazonaws.com\/wp-content\/uploads\/2019\/03\/12180743\/decoracao-de-casa-como-decorar-area-externa-christopher-harris-min.jpg 600w, https:\/\/triider-prd-blog-files.s3.sa-east-1.amazonaws.com\/wp-content\/uploads\/2019\/03\/12180743\/decoracao-de-casa-como-decorar-area-externa-christopher-harris-min-300x234.jpg 300w, https:\/\/triider-prd-blog-files.s3.sa-east-1.amazonaws.com\/wp-content\/uploads\/2019\/03\/12180743\/decoracao-de-casa-como-decorar-area-externa-christopher-harris-min-87x67.jpg 87w\" sizes=\"(max-width: 600px) 100vw, 600px\" \/><figcaption id=\"caption-attachment-4024\" class=\"wp-caption-text\">Foto: Christopher Harris<\/figcaption><\/figure>\n<p>A \u00e1rea externa n\u00e3o poderia ficar de fora do nosso guia de como decorar uma casa. Esse \u00e9 um espa\u00e7o para curtir uma boa m\u00fasica, ler um livro, deitar na rede para descansar e ter um pouco de contato com as plantas e ar do lado de fora da resid\u00eancia, al\u00e9m de ser o local prop\u00edcio para preparar um bom churrasco no fim de semana.<\/p>\n<p>Por isso, deixar esse ambiente agrad\u00e1vel e confort\u00e1vel \u00e9 crucial para aproveit\u00e1-lo bem. Confira algumas ideias de <a href=\"https:\/\/www.triider.com.br\/blog\/guia-de-decoracao-de-varanda\/\" target=\"_blank\">decora\u00e7\u00e3o para a \u00e1rea externa<\/a> que trouxemos para voc\u00ea.<\/p>\n<p><a href=\"https:\/\/www.triider.com.br\/?utm_source=blog&#038;utm_medium=banner&#038;utm_campaign=foto_prest_servicos_post_decoracao_de_casa\" target=\"_blank\"><img loading=\"lazy\" decoding=\"async\" src=\"https:\/\/triider-prd-blog-files.s3.sa-east-1.amazonaws.com\/wp-content\/uploads\/2019\/03\/12201915\/decoracao-de-casa-banner-orcamentos-triider.png\" alt=\"decora\u00e7\u00e3o de casa, triider, profissionais, prestadores de servi\u00e7o\" width=\"500\" height=\"194\" class=\"alignnone size-full wp-image-4051\" srcset=\"https:\/\/triider-prd-blog-files.s3.sa-east-1.amazonaws.com\/wp-content\/uploads\/2019\/03\/12201915\/decoracao-de-casa-banner-orcamentos-triider.png 500w, https:\/\/triider-prd-blog-files.s3.sa-east-1.amazonaws.com\/wp-content\/uploads\/2019\/03\/12201915\/decoracao-de-casa-banner-orcamentos-triider-300x116.png 300w\" sizes=\"(max-width: 500px) 100vw, 500px\" \/><\/a><\/p>\n<h5>Use os m\u00f3veis adequados<\/h5>\n<p><img loading=\"lazy\" decoding=\"async\" src=\"https:\/\/triider-prd-blog-files.s3.sa-east-1.amazonaws.com\/wp-content\/uploads\/2019\/03\/12182417\/decoracao-de-casa-moveis-adequados-area-externa-min.jpg\" alt=\"decora\u00e7\u00e3o de quarto, decora\u00e7\u00e3o para casa, decora\u00e7\u00e3o para sala, dicas de decora\u00e7\u00e3o, decora\u00e7\u00e3o de apartamento, ideias de decora\u00e7\u00e3o, decora\u00e7\u00e3o de interiores, decora\u00e7\u00e3o de ambientes, decora\u00e7\u00e3o de casa pequena, decorando a casa, como decorar uma casa, objetos de decora\u00e7\u00e3o online, como decorar a casa\" width=\"600\" height=\"397\" class=\"alignnone size-full wp-image-4028\" srcset=\"https:\/\/triider-prd-blog-files.s3.sa-east-1.amazonaws.com\/wp-content\/uploads\/2019\/03\/12182417\/decoracao-de-casa-moveis-adequados-area-externa-min.jpg 600w, https:\/\/triider-prd-blog-files.s3.sa-east-1.amazonaws.com\/wp-content\/uploads\/2019\/03\/12182417\/decoracao-de-casa-moveis-adequados-area-externa-min-300x199.jpg 300w, https:\/\/triider-prd-blog-files.s3.sa-east-1.amazonaws.com\/wp-content\/uploads\/2019\/03\/12182417\/decoracao-de-casa-moveis-adequados-area-externa-min-270x180.jpg 270w\" sizes=\"(max-width: 600px) 100vw, 600px\" \/><\/p>\n<p>Varandas e jardins de uma casa s\u00e3o \u00e1reas que normalmente precisam de mais cuidados para que seja poss\u00edvel colocar uma mob\u00edlia linda e resistente, a fim de que possa durar por mais tempo. Afinal, os m\u00f3veis da \u00e1rea externa ficam expostos a a\u00e7\u00f5es da natureza, como sol e chuva.<\/p>\n<p>Em vista disso, devem ser escolhidos n\u00e3o apenas pela beleza e estilo, mas tamb\u00e9m pela durabilidade. Com um bom vinil adesivo \u00e9 poss\u00edvel fazer boas decora\u00e7\u00f5es nesse ambiente. Levando em conta esses cuidados, os materiais mais adequados para compor os m\u00f3veis desse ambiente devem ser em madeira maci\u00e7a ou fibra sint\u00e9tica.<\/p>\n<p>Al\u00e9m disso, vale a pena aplicar produtos nesse mobili\u00e1rio para que sua durabilidade aumente ainda mais. Entre as op\u00e7\u00f5es de produtos, podemos destacar verniz, lustra-m\u00f3veis e cera de silicone (de prefer\u00eancia incolor), para auxiliar na prote\u00e7\u00e3o contra <a href=\"https:\/\/www.triider.com.br\/blog\/como-tirar-umidade-da-parede\/\"><u>umidade<\/u><\/a> e raios solares. <a href=\"https:\/\/www.triider.com.br\/blog\/passo-a-passo-como-laquear-moveis\/\"><u>Laquear m\u00f3veis<\/u><\/a> tamb\u00e9m pode ajudar na conserva\u00e7\u00e3o, al\u00e9m de dar uma cara nova para aqueles itens que j\u00e1 foram bem usados, mas ainda podem ser aproveitados no ambiente.<\/p>\n<p>Depois de verificados esses cuidados, \u00e9 hora de escolher a mob\u00edlia que far\u00e1 parte da \u00e1rea externa. S\u00e3o v\u00e1rios os modelos existentes, e a escolha vai depender muito do objetivo e do n\u00famero de pessoas que poder\u00e3o utiliz\u00e1-los. Espregui\u00e7adeiras, puffs, banquetas, chaises, <a href=\"https:\/\/www.triider.com.br\/blog\/como-fazer-mesa-de-madeira\/\"><u>mesas<\/u><\/a>, futons, entre outros, s\u00e3o ideias interessantes de m\u00f3veis elegantes que n\u00e3o podem faltar na sua decora\u00e7\u00e3o.<\/p>\n<h5>N\u00e3o esque\u00e7a das plantas<\/h5>\n<figure id=\"attachment_4029\" aria-describedby=\"caption-attachment-4029\" style=\"width: 600px\" class=\"wp-caption alignnone\"><img loading=\"lazy\" decoding=\"async\" src=\"https:\/\/triider-prd-blog-files.s3.sa-east-1.amazonaws.com\/wp-content\/uploads\/2019\/03\/12182546\/decoracao-de-casa-utilize-plantas-stefan-kunze-min.jpg\" alt=\"decora\u00e7\u00e3o de quarto, decora\u00e7\u00e3o para casa, decora\u00e7\u00e3o para sala, dicas de decora\u00e7\u00e3o, decora\u00e7\u00e3o de apartamento, ideias de decora\u00e7\u00e3o, decora\u00e7\u00e3o de interiores, decora\u00e7\u00e3o de ambientes, decora\u00e7\u00e3o de casa pequena, decorando a casa, como decorar uma casa, objetos de decora\u00e7\u00e3o online, como decorar a casa\" width=\"600\" height=\"400\" class=\"size-full wp-image-4029\" srcset=\"https:\/\/triider-prd-blog-files.s3.sa-east-1.amazonaws.com\/wp-content\/uploads\/2019\/03\/12182546\/decoracao-de-casa-utilize-plantas-stefan-kunze-min.jpg 600w, https:\/\/triider-prd-blog-files.s3.sa-east-1.amazonaws.com\/wp-content\/uploads\/2019\/03\/12182546\/decoracao-de-casa-utilize-plantas-stefan-kunze-min-300x200.jpg 300w, https:\/\/triider-prd-blog-files.s3.sa-east-1.amazonaws.com\/wp-content\/uploads\/2019\/03\/12182546\/decoracao-de-casa-utilize-plantas-stefan-kunze-min-270x180.jpg 270w\" sizes=\"(max-width: 600px) 100vw, 600px\" \/><figcaption id=\"caption-attachment-4029\" class=\"wp-caption-text\">Foto: Stefan Kunze<\/figcaption><\/figure>\n<p>Uma \u00e1rea externa sem plantas n\u00e3o tem o menor sentido. Elas trazem um pouco da natureza para perto de voc\u00ea, tornam o ar mais puro, deixam a <a href=\"https:\/\/www.triider.com.br\/blog\/como-deixar-a-casa-perfumada\/\"><u>casa perfumada<\/u><\/a> e fazem com a que a decora\u00e7\u00e3o do ambiente fique ainda mais bonita.<\/p>\n<p>Para <a href=\"https:\/\/www.triider.com.br\/blog\/guia-de-decoracao-de-varanda\/\" target=\"_blank\">decorar varandas e jardins<\/a>, voc\u00ea pode utilizar <a href=\"https:\/\/www.triider.com.br\/blog\/paisagismo-para-piscina-plantas-mais-indicadas\/\" target=\"_blank\">diferentes esp\u00e9cies de plantas<\/a>. O que se deve levar em conta \u00e9 o contato com o sol e a necessidade de \u00e1gua. Assim, algumas s\u00e3o mais prop\u00edcias para viverem em ambientes externos.<\/p>\n<p>Entre as op\u00e7\u00f5es bem pr\u00e1ticas para serem cuidadas nesses lugares est\u00e3o:<\/p>\n<ul>\n<li>\n<p>suculentas e cactos;<\/p>\n<\/li>\n<li>\n<p>ant\u00fario;<\/p>\n<\/li>\n<li>\n<p>yuka;<\/p>\n<\/li>\n<li>\n<p>dasil\u00edrio;<\/p>\n<\/li>\n<li>\n<p>espada de S\u00e3o Jorge;<\/p>\n<\/li>\n<li>\n<p>pata de elefante;<\/p>\n<\/li>\n<li>\n<p>moreia.<\/p>\n<\/li>\n<\/ul>\n<p>Sua \u00e1rea externa pode ficar maravilhosa se voc\u00ea souber utilizar as <a href=\"https:\/\/www.triider.com.br\/blog\/paisagismo-para-piscina-plantas-mais-indicadas\/\" target=\"_blank\">plantas ideais para decorar o entorno da piscina<\/a>, sua varanda ou seu jardim. Para escolher as esp\u00e9cies mais adequadas, verifique o espa\u00e7o dispon\u00edvel. \u00c9 muito importante que o ambiente seja apropriado e respeite as caracter\u00edsticas das plantas.<\/p>\n<p>Vale ressaltar que quanto mais florido e frut\u00edfero for o seu jardim, de maiores cuidados e manuten\u00e7\u00e3o suas plantas necessitar\u00e3o. Desse modo, contar com o aux\u00edlio de servi\u00e7os de jardinagem pode valer a pena.<\/p>\n<p>Outra dica para complementar a decora\u00e7\u00e3o de \u00e1rea externa s\u00e3o os revestimentos e a <a href=\"https:\/\/www.triider.com.br\/pintura-de-parede-e-teto\/\" target=\"_blank\">pintura<\/a>. Constru\u00e7\u00f5es mais antigas com detalhes de tijolo \u00e0 vista e madeira combinam muito bem com as plantas e com os tons da natureza, como o verde. J\u00e1 os empreendimentos tradicionais, que acompanham detalhes em m\u00e1rmore, s\u00e3o mais compat\u00edveis com as cores pastel.<\/p>\n<p>Por sua vez, edifica\u00e7\u00f5es modernas geralmente harmonizam muito bem com branco, cinza e cores mais s\u00f3brias e frias, assim como com tons metalizados ou neutros.<\/p>\n<p>Aqui, voc\u00ea encontra um <a href=\"https:\/\/www.triider.com.br\/blog\/guia-de-decoracao-de-varanda\/\" target=\"_blank\">guia completo de decora\u00e7\u00e3o de varanda<\/a>, sacada, jardim e \u00e1rea externa. Se ficou faltando alguma informa\u00e7\u00e3o que voc\u00ea tinha d\u00favida sobre o assunto, vale a pena conferir!<\/p>\n<h2>E o que mais?<\/h2>\n<p>A import\u00e2ncia da decora\u00e7\u00e3o de casa cresce a cada dia. Mais do que enfeitar um ambiente e otimizar espa\u00e7os, decorar contribui para a <a href=\"https:\/\/www.triider.com.br\/blog\/dicas-de-feng-shui\/\" target=\"_blank\">qualidade vida<\/a>. Nesse sentido, a tecnologia tem tido um impacto bastante positivo nessa \u00e1rea, seja com a venda de objetos de decora\u00e7\u00e3o online, seja com o oferecimento da <a href=\"https:\/\/www.triider.com.br\/\"><u>presta\u00e7\u00e3o de servi\u00e7os profissionais<\/u><\/a> que auxiliam na <a href=\"https:\/\/www.triider.com.br\/montagem-de-moveis\/\" target=\"_blank\">montagem<\/a>, na instala\u00e7\u00e3o, no conserto e no que mais for necess\u00e1rio para melhorar a vida das pessoas.<\/p>\n<p>Hoje, voc\u00ea pode <a href=\"https:\/\/www.triider.com.br\/\" target=\"_blank\">pedir or\u00e7amentos e contratar profissionais online<\/a>. E isso com seguran\u00e7a e a mesma praticidade de pedir um carro por aplicativo. Inclusive, tem um post que fala sobre a <a href=\"https:\/\/www.triider.com.br\/blog\/montar-moveis-facilidades-para-montar-a-casa-online\/\" target=\"_blank\">facilidade de montar a casa online<\/a>. \u00c9 bastante interessante!<\/p>\n<p>E a\u00ed, gostou do post sobre decora\u00e7\u00e3o de casa? Quer ficar por dentro de outros conte\u00fados como este? Ent\u00e3o siga o Triider nas redes sociais e acompanhe as novidades!\u00a0E n\u00e3o deixe de assinar a nossa newsletter para receber os conte\u00fados em primeira m\u00e3o!<\/p>\n","protected":false},"excerpt":{"rendered":"<p>Quer saber como decorar a casa e deix\u00e1-la linda, aconchegante e refinada para voc\u00ea viver melhor e receber amigos e familiares em um ambiente totalmente agrad\u00e1vel? Conhe\u00e7a as melhores ideias de decora\u00e7\u00e3o para o seu lar! Quando se fala em decora\u00e7\u00e3o de casa, muita gente fica bastante empolgada. Por\u00e9m, nem todas as pessoas disp\u00f5em de [&hellip;]<\/p>\n","protected":false},"author":2,"featured_media":3860,"comment_status":"open","ping_status":"open","sticky":false,"template":"","format":"standard","meta":{"footnotes":""},"categories":[60],"tags":[],"_links":{"self":[{"href":"https:\/\/www.triider.com.br\/blog\/wp-json\/wp\/v2\/posts\/3859"}],"collection":[{"href":"https:\/\/www.triider.com.br\/blog\/wp-json\/wp\/v2\/posts"}],"about":[{"href":"https:\/\/www.triider.com.br\/blog\/wp-json\/wp\/v2\/types\/post"}],"author":[{"embeddable":true,"href":"https:\/\/www.triider.com.br\/blog\/wp-json\/wp\/v2\/users\/2"}],"replies":[{"embeddable":true,"href":"https:\/\/www.triider.com.br\/blog\/wp-json\/wp\/v2\/comments?post=3859"}],"version-history":[{"count":0,"href":"https:\/\/www.triider.com.br\/blog\/wp-json\/wp\/v2\/posts\/3859\/revisions"}],"wp:featuredmedia":[{"embeddable":true,"href":"https:\/\/www.triider.com.br\/blog\/wp-json\/wp\/v2\/media\/3860"}],"wp:attachment":[{"href":"https:\/\/www.triider.com.br\/blog\/wp-json\/wp\/v2\/media?parent=3859"}],"wp:term":[{"taxonomy":"category","embeddable":true,"href":"https:\/\/www.triider.com.br\/blog\/wp-json\/wp\/v2\/categories?post=3859"},{"taxonomy":"post_tag","embeddable":true,"href":"https:\/\/www.triider.com.br\/blog\/wp-json\/wp\/v2\/tags?post=3859"}],"curies":[{"name":"wp","href":"https:\/\/api.w.org\/{rel}","templated":true}]}}